{"id":8518,"date":"2026-04-30T13:12:13","date_gmt":"2026-04-30T11:12:13","guid":{"rendered":"https:\/\/www.efos.unios.hr\/?p=8518"},"modified":"2026-04-30T13:12:20","modified_gmt":"2026-04-30T11:12:20","slug":"career-day-2026-karijera-bez-sablone","status":"publish","type":"post","link":"https:\/\/www.efos.unios.hr\/en\/career-day-2026-karijera-bez-sablone\/","title":{"rendered":"Career Day 2026: Karijera bez \u0161ablone"},"content":{"rendered":"<p>Dear students,<\/p>\n\n\n\n<p>Veliko nam je zadovoljstvo uputiti Vam slu\u017ebeni poziv na doga\u0111aj&nbsp;<strong><em>Career Day<\/em><\/strong><em>&nbsp;<\/em>u organizaciji&nbsp;<strong>Ekonomskog fakulteta u Osijeku i studentske udruge AIESEC<\/strong>&nbsp;under the name&nbsp;<strong>\u201eK<em>arijera bez \u0161ablone<\/em>\u201c&quot;\u201c<\/strong>, koji \u0107e se odr\u017eati 5. svibnja 2026. godine od 10:00 do 15:00 sati na Ekonomskom fakultetu u Osijeku.<\/p>\n\n\n\n<p>Cilj ovog doga\u0111aja jest omogu\u0107iti studentima stjecanje relevantnih znanja i vje\u0161tina potrebnih za uspje\u0161no pozicioniranje na tr\u017ei\u0161tu rada, uz istodobnu priliku za umre\u017eavanje s potencijalnim poslodavcima i ostvarivanje mogu\u0107nosti budu\u0107eg zapo\u0161ljavanja.<\/p>\n\n\n\n<p><strong><u>Vremenik doga\u0111aja Aula glagoljice:<\/u><\/strong><\/p>\n\n\n\n<p>11:00 \u2013 11:15 sati Sve\u010dano otvorenje Career day-a \u2013<strong>&nbsp;Lea Lipovac<\/strong>&nbsp;Predsjednica organizacijskog odbora AIESEC;&nbsp;<strong>Prof. Julia Peri\u0107, PhD<\/strong>&nbsp;Prodekanica za znanost i projekte, Ekonomski fakultet u Osijeku;&nbsp;<strong>Ivan Radi\u0107<\/strong>&nbsp;Gradona\u010delnik grada Osijeka,&nbsp;<strong>Tatjana Turalija<\/strong>&nbsp;Pro\u010delnica Osje\u010dko-baranjske \u017eupanije.<\/p>\n\n\n\n<p>11:15 \u2013 11:45 sati \u2013 key note speaker&nbsp;<strong>g. Stjepan \u0160mit (\u0160mit electronic d.o.o.)<\/strong>&nbsp;\u2013 \u201e<strong>WHITE SHARK: pri\u010da o osobnom i poslovnom razvoju\u201d.<\/strong><\/p>\n\n\n\n<p>11:45 \u2013 12:30 \u2013 Panel po nazivom \u201e<strong>Karijera - plan, slu\u010daj ili prilika?\u201d&nbsp;<\/strong>\u2013&nbsp;<strong>Laura Gergelj&nbsp;<\/strong>(D-invoice d.o.o.),<strong>&nbsp;Vladimir Ham&nbsp;<\/strong>(HNK Osijek) i<strong>&nbsp;Goran Bo\u0161kovi\u0107&nbsp;<\/strong>(udruga Breza).<\/p>\n\n\n\n<p>13:30 \u2013 14:00 - Zatvaranje Career Day-a i podjela tombola.<\/p>\n\n\n\n<p><strong><u>RADIONICE:<\/u><\/strong><\/p>\n\n\n\n<p>&nbsp;10:00 - 10:45 -&nbsp;<strong><em>\"Make it happen: intervju koji te mo\u017ee zaposliti\"<\/em><\/strong>&nbsp;- Venera Mato\u0161, univ.spec.oec., Direktorica regije - poslovanje sa stanovni\u0161tvom, Raiffeisenbank Austria d.d., dvorana 2.&nbsp;<a href=\"https:\/\/linktr.ee\/careerday552026\" rel=\"nofollow noopener\" target=\"_blank\">APPLICATIONS<\/a><\/p>\n\n\n\n<p>&nbsp;10:00 - 11:00 -&nbsp;<strong><em>\u201eSli\u010dnosti i razlike u stilovima vodstva u sportu i u bankarstvu\u201c<\/em><\/strong>&nbsp;- Katarina Malo\u010da Mr\u010dela, direktorica Sektora upravljanja ljudskim potencijalima, Slatinska banka d.d., dvorana. 7<\/p>\n\n\n\n<p><strong><em>&nbsp; &nbsp; &nbsp; &nbsp; &nbsp; &nbsp; &nbsp; &nbsp; &nbsp; &nbsp; &nbsp; &nbsp; &nbsp;\u201eBankarstvo kao sna\u017ena podr\u0161ka gospodarstvu: rje\u0161enja za slo\u017eene financijske izazove\u201c&nbsp;<\/em><\/strong>- Davor \u0160imund\u017ea, direktor Sektora gospodarstva, Slatinska banka d.d., dvorana. 7<\/p>\n\n\n\n<p>&nbsp;11:00 - 11:45 -&nbsp;<strong><em>\u201eZaviri u backstage zapo\u0161ljavanja \u2013 od prijave do intervjua\u201c<\/em><\/strong>&nbsp;- Maria \u0160urina, Specijalist za razvoj zaposlenika i organizacijskih kapaciteta, Hrvatska po\u0161tanska banka d.d., dvorana 3&nbsp;<a href=\"https:\/\/linktr.ee\/careerday552026\" rel=\"nofollow noopener\" target=\"_blank\">APPLICATIONS<\/a><\/p>\n\n\n\n<p>&nbsp;13:00 - 13:45&nbsp;&nbsp;<strong><em>\"\u0160to zna\u010di raditi u neprofitnom sektoru?\"<\/em><\/strong>&nbsp;- Udruge civilnog sektora, dvorana 5<\/p>\n\n\n\n<p>&nbsp;13:00 - 13:45&nbsp;&nbsp;<strong><em>\u201eKako zapo\u010deti karijeru knjigovo\u0111e\u201c<\/em><\/strong>&nbsp;- Laura Gergelj&nbsp; (D-invoice d.o.o.), dvorana 2<\/p>\n\n\n\n<p>Srda\u010dan pozdrav,Odjel za karijerno savjetovanje i razvoj karijera<\/p>\n\n\n\n<figure class=\"wp-block-image size-large\"><img loading=\"lazy\" decoding=\"async\" width=\"841\" height=\"1024\" src=\"https:\/\/www.efos.unios.hr\/wp-content\/uploads\/2026\/04\/Career-day-2-1-841x1024.jpg\" alt=\"\" class=\"wp-image-8521\" srcset=\"https:\/\/www.efos.unios.hr\/wp-content\/uploads\/2026\/04\/Career-day-2-1-841x1024.jpg 841w, https:\/\/www.efos.unios.hr\/wp-content\/uploads\/2026\/04\/Career-day-2-1-246x300.jpg 246w, https:\/\/www.efos.unios.hr\/wp-content\/uploads\/2026\/04\/Career-day-2-1-768x936.jpg 768w, https:\/\/www.efos.unios.hr\/wp-content\/uploads\/2026\/04\/Career-day-2-1-10x12.jpg 10w, https:\/\/www.efos.unios.hr\/wp-content\/uploads\/2026\/04\/Career-day-2-1.jpg 1159w\" sizes=\"auto, (max-width: 841px) 100vw, 841px\" \/><\/figure>","protected":false},"excerpt":{"rendered":"<p>Po\u0161tovani studenti, Veliko nam je zadovoljstvo uputiti Vam slu\u017ebeni poziv na doga\u0111aj&nbsp;Career Day&nbsp;u organizaciji&nbsp;Ekonomskog fakulteta u Osijeku i studentske udruge AIESEC&nbsp;pod nazivom&nbsp;\u201eKarijera bez \u0161ablone\u201c, koji \u0107e se odr\u017eati 5. svibnja 2026. godine od 10:00 do 15:00 sati na Ekonomskom fakultetu u Osijeku. Cilj ovog doga\u0111aja jest omogu\u0107iti studentima stjecanje relevantnih znanja i vje\u0161tina potrebnih za...<\/p>","protected":false},"author":8,"featured_media":8522,"comment_status":"open","ping_status":"open","sticky":false,"template":"","format":"standard","meta":{"_acf_changed":false,"footnotes":""},"categories":[1,7],"tags":[],"class_list":["post-8518","post","type-post","status-publish","format-standard","has-post-thumbnail","hentry","category-uncategorized","category-vijesti"],"acf":[],"_links":{"self":[{"href":"https:\/\/www.efos.unios.hr\/en\/wp-json\/wp\/v2\/posts\/8518","targetHints":{"allow":["GET"]}}],"collection":[{"href":"https:\/\/www.efos.unios.hr\/en\/wp-json\/wp\/v2\/posts"}],"about":[{"href":"https:\/\/www.efos.unios.hr\/en\/wp-json\/wp\/v2\/types\/post"}],"author":[{"embeddable":true,"href":"https:\/\/www.efos.unios.hr\/en\/wp-json\/wp\/v2\/users\/8"}],"replies":[{"embeddable":true,"href":"https:\/\/www.efos.unios.hr\/en\/wp-json\/wp\/v2\/comments?post=8518"}],"version-history":[{"count":2,"href":"https:\/\/www.efos.unios.hr\/en\/wp-json\/wp\/v2\/posts\/8518\/revisions"}],"predecessor-version":[{"id":8523,"href":"https:\/\/www.efos.unios.hr\/en\/wp-json\/wp\/v2\/posts\/8518\/revisions\/8523"}],"wp:featuredmedia":[{"embeddable":true,"href":"https:\/\/www.efos.unios.hr\/en\/wp-json\/wp\/v2\/media\/8522"}],"wp:attachment":[{"href":"https:\/\/www.efos.unios.hr\/en\/wp-json\/wp\/v2\/media?parent=8518"}],"wp:term":[{"taxonomy":"category","embeddable":true,"href":"https:\/\/www.efos.unios.hr\/en\/wp-json\/wp\/v2\/categories?post=8518"},{"taxonomy":"post_tag","embeddable":true,"href":"https:\/\/www.efos.unios.hr\/en\/wp-json\/wp\/v2\/tags?post=8518"}],"curies":[{"name":"wp","href":"https:\/\/api.w.org\/{rel}","templated":true}]}}