{"id":8453,"date":"2026-04-28T08:46:59","date_gmt":"2026-04-28T06:46:59","guid":{"rendered":"https:\/\/www.efos.unios.hr\/?p=8453"},"modified":"2026-04-28T11:54:27","modified_gmt":"2026-04-28T09:54:27","slug":"15-region-entrepreneurship-development-red-konferencija","status":"publish","type":"post","link":"https:\/\/www.efos.unios.hr\/en\/15-region-entrepreneurship-development-red-konferencija\/","title":{"rendered":"15. Region, Entrepreneurship, Development (RED) konferencija"},"content":{"rendered":"<p>Ekonomski fakultet u Osijeku je u \u010detvrtak, 23. i petak, 24. travnja 2026. godine ponovno otvorio vrata znanstvenicima koji istra\u017euju izazove regionalnog razvoja i poduzetni\u0161tva, u okviru <strong>15. Region, Entrepreneurship, Development (RED)<\/strong> konferencije. Konferencija je od svojih po\u010detaka usmjerena na rje\u0161avanje pitanja za koja se odgovori tra\u017ee u sinergiji akademske zajednice, sudionika procesa dono\u0161enja odluka i regulativa i stru\u010dnjaka iz gospodarstva.<\/p>\n\n\n\n<p>Under <strong>15. RED konferenciji<\/strong> sudjelovali su znanstvenici iz Bosne i Hercegovine, Hrvatske, Ma\u0111arske, Maroka, Njema\u010dke, Poljske, Portugala, i Srbije. Prezentirali su se zaklju\u010dci istra\u017eivanja iz 38 znanstvenih i stru\u010dnih radova, koji su istra\u017eivali teme turizma, edukacije, u\u010dinkovitog upravljanja zdravstvenim sustavom, kao i volatilnosti financijskih tr\u017ei\u0161ta.<\/p>\n\n\n\n<p>Pozvano predavanje, na temu \"<strong><em>From Research to Relevance: Universities Driving Regional Development<\/em><\/strong>\", odr\u017eala je profesorica Ekonomskog fakulteta u Ljubljani, prof.dr.sc. Metka Tekav\u010di\u0107. U panelu, u kojemu se razgovaralo na temu \"<strong><em>Educating for impact: Perspectives from regional faculty leaders<\/em><\/strong>\" sudjelovali su dekani i prodekani regionalnih sveu\u010dili\u0161ta (prof.dr.sc. Marina Kla\u010dmer \u010calopa, prof.dr.sc. Jernej Belak, izv.prof.dr.sc. Selma Smajlovi\u0107, prof.dr.sc. Andr\u00e1s Tak\u00e1cs, prof.dr.sc. Valentin Toader, i prof.dr.sc. Marina Trpeska). Panel je moderirala dekanica Ekonomskog fakulteta u Osijeku, prof.dr.sc. Sun\u010dica Oberman Peterka.<\/p>\n\n\n\n<p>Radionica za sve zaposlenike Sveu\u010dili\u0161ta Josipa Jurja Strossmayera u Osijeku na temu inovativnog i poduzetnog sveu\u010dili\u0161ta (HEInnovate), a koju su vodile Fl\u00e1via Colus i Debora del Cogliano, odr\u017eana je u petak, 24. travnja 2026. godine.<\/p>\n\n\n<div class=\"wp-block-image\">\n<figure class=\"aligncenter size-full is-resized\"><img loading=\"lazy\" decoding=\"async\" width=\"624\" height=\"416\" src=\"https:\/\/www.efos.unios.hr\/wp-content\/uploads\/2026\/04\/GEM-2026-02.png\" alt=\"\" class=\"wp-image-8454\" style=\"aspect-ratio:1.500018780753484;width:756px;height:auto\" srcset=\"https:\/\/www.efos.unios.hr\/wp-content\/uploads\/2026\/04\/GEM-2026-02.png 624w, https:\/\/www.efos.unios.hr\/wp-content\/uploads\/2026\/04\/GEM-2026-02-300x200.png 300w, https:\/\/www.efos.unios.hr\/wp-content\/uploads\/2026\/04\/GEM-2026-02-18x12.png 18w\" sizes=\"auto, (max-width: 624px) 100vw, 624px\" \/><figcaption class=\"wp-element-caption\">prof.dr.sc. Metka Tekav\u010di\u0107, Ekonomski fakultet u Ljubljani, odr\u017eala je pozvano predavanje na temu \"From Research to Relevance: Universities Driving Regional Development\"<\/figcaption><\/figure>\n<\/div>\n\n<div class=\"wp-block-image\">\n<figure class=\"aligncenter size-full is-resized\"><img loading=\"lazy\" decoding=\"async\" width=\"624\" height=\"416\" src=\"https:\/\/www.efos.unios.hr\/wp-content\/uploads\/2026\/04\/GEM-2026-01.png\" alt=\"\" class=\"wp-image-8455\" style=\"aspect-ratio:1.500018780753484;width:747px;height:auto\" srcset=\"https:\/\/www.efos.unios.hr\/wp-content\/uploads\/2026\/04\/GEM-2026-01.png 624w, https:\/\/www.efos.unios.hr\/wp-content\/uploads\/2026\/04\/GEM-2026-01-300x200.png 300w, https:\/\/www.efos.unios.hr\/wp-content\/uploads\/2026\/04\/GEM-2026-01-18x12.png 18w\" sizes=\"auto, (max-width: 624px) 100vw, 624px\" \/><figcaption class=\"wp-element-caption\">Sudionici panela \"Educating for impact: Perspectives from regional faculty leaders\"<\/figcaption><\/figure>\n<\/div>\n\n\n<p><\/p>","protected":false},"excerpt":{"rendered":"<p>Ekonomski fakultet u Osijeku je u \u010detvrtak, 23. i petak, 24. travnja 2026. godine ponovno otvorio vrata znanstvenicima koji istra\u017euju izazove regionalnog razvoja i poduzetni\u0161tva<\/p>","protected":false},"author":6,"featured_media":8455,"comment_status":"open","ping_status":"open","sticky":false,"template":"","format":"standard","meta":{"_acf_changed":false,"footnotes":""},"categories":[7],"tags":[],"class_list":["post-8453","post","type-post","status-publish","format-standard","has-post-thumbnail","hentry","category-vijesti"],"acf":[],"_links":{"self":[{"href":"https:\/\/www.efos.unios.hr\/en\/wp-json\/wp\/v2\/posts\/8453","targetHints":{"allow":["GET"]}}],"collection":[{"href":"https:\/\/www.efos.unios.hr\/en\/wp-json\/wp\/v2\/posts"}],"about":[{"href":"https:\/\/www.efos.unios.hr\/en\/wp-json\/wp\/v2\/types\/post"}],"author":[{"embeddable":true,"href":"https:\/\/www.efos.unios.hr\/en\/wp-json\/wp\/v2\/users\/6"}],"replies":[{"embeddable":true,"href":"https:\/\/www.efos.unios.hr\/en\/wp-json\/wp\/v2\/comments?post=8453"}],"version-history":[{"count":3,"href":"https:\/\/www.efos.unios.hr\/en\/wp-json\/wp\/v2\/posts\/8453\/revisions"}],"predecessor-version":[{"id":8458,"href":"https:\/\/www.efos.unios.hr\/en\/wp-json\/wp\/v2\/posts\/8453\/revisions\/8458"}],"wp:featuredmedia":[{"embeddable":true,"href":"https:\/\/www.efos.unios.hr\/en\/wp-json\/wp\/v2\/media\/8455"}],"wp:attachment":[{"href":"https:\/\/www.efos.unios.hr\/en\/wp-json\/wp\/v2\/media?parent=8453"}],"wp:term":[{"taxonomy":"category","embeddable":true,"href":"https:\/\/www.efos.unios.hr\/en\/wp-json\/wp\/v2\/categories?post=8453"},{"taxonomy":"post_tag","embeddable":true,"href":"https:\/\/www.efos.unios.hr\/en\/wp-json\/wp\/v2\/tags?post=8453"}],"curies":[{"name":"wp","href":"https:\/\/api.w.org\/{rel}","templated":true}]}}