{"id":5827,"date":"2025-05-27T07:28:00","date_gmt":"2025-05-27T07:28:00","guid":{"rendered":"https:\/\/www.efos.unios.hr\/?p=5827"},"modified":"2025-07-10T10:33:45","modified_gmt":"2025-07-10T10:33:45","slug":"obavijest-o-raspisivanju-izbora-za-studentski-zbor-sveucilista-i-studentske-zborove-sastavnice-sveucilista","status":"publish","type":"post","link":"https:\/\/www.efos.unios.hr\/en\/obavijest-o-raspisivanju-izbora-za-studentski-zbor-sveucilista-i-studentske-zborove-sastavnice-sveucilista\/","title":{"rendered":"Elections for the University Student Assembly and the student assemblies of the University's constituent units"},"content":{"rendered":"<p><a href=\"https:\/\/www.efos.unios.hr\/wp-content\/uploads\/2025\/06\/Odluka-o-raspisivanju-izbora-za-Studentski-zbor-2025.pdf\">Odluka o raspisivanju izbora za Studentski zbor Sveu\u010dili\u0161ta Josipa Jurja Strossmayera u Osijeku i studentske zborove sastavnica Sveu\u010dili\u0161ta Josipa Jurja Strossmayera u Osijeku<\/a><\/p>\n\n\n\n<p><a href=\"https:\/\/www.unios.hr\/wp-content\/uploads\/2025\/05\/HODOGRAM-ZA-PROVEDBU-STUDENTSKIH-IZBORA-2025-1.pdf\" rel=\"nofollow noopener\" target=\"_blank\">Hodogram za provedbu studentskih izbora<\/a><\/p>\n\n\n\n<h3 class=\"wp-block-heading\"><strong>DOPUNA 29.05.2025.<\/strong><\/h3>\n\n\n\n<p><a href=\"https:\/\/www.efos.unios.hr\/wp-content\/uploads\/2025\/06\/Odluka-o-imenovanju-Izbornog-povjerenstva-za-provedbu-studentskih-izbora-2025.pdf\">Odluka o imenovanju Izbornog povjerenstva Ekonomskog fakulteta u Osijeku za provedbu studentskih izbora za Studentski zbor Sveu\u010dili\u0161ta Josipa Jurja Strossmayera u Osijeku i Studentski zbor Ekonomskog fakulteta u Osijeku<\/a><\/p>\n\n\n\n<p><a href=\"https:\/\/www.unios.hr\/wp-content\/uploads\/2025\/06\/Imen.-Izborno-povjerenstvo-Studenstski-izbori.pdf\" rel=\"nofollow noopener\" target=\"_blank\">Odluka o imenovanju Izbornog povjerenstva Sveu\u010dili\u0161ta Josipa Jurja Strossmayera za provedbu studentskih izbora za Studentski zbor Sveu\u010dili\u0161ta Josipa Jurja Strossmayera u Osijeku i Studentski zbor sastavnica Sveu\u010dili\u0161ta Josipa Jurja Strossmayera u Osijeku<\/a><\/p>\n\n\n\n<p><\/p>\n\n\n\n<h3 class=\"wp-block-heading\"><strong>DOPUNA 04.06.2025.<\/strong><\/h3>\n\n\n\n<p>Kandidature na razini Sveu\u010dili\u0161ta:<\/p>\n\n\n\n<ul class=\"wp-block-list\">\n<li><a href=\"https:\/\/www.unios.hr\/wp-content\/uploads\/2025\/06\/OBRAZAC_1_SVEUCILISNA-LISTA-2025.doc\" rel=\"nofollow noopener\" target=\"_blank\">Obrazac 1<\/a><\/li>\n\n\n\n<li><a href=\"https:\/\/www.unios.hr\/wp-content\/uploads\/2025\/06\/OBRAZAC_2_SVEUCILISNA-LISTA-2025.doc\" rel=\"nofollow noopener\" target=\"_blank\">Obrazac 2<\/a><\/li>\n<\/ul>\n\n\n\n<p>Kandidature na razini sastavnica:<\/p>\n\n\n\n<ul class=\"wp-block-list\">\n<li><a href=\"https:\/\/www.unios.hr\/wp-content\/uploads\/2025\/06\/OBRAZAC_1_SASTAVNICA-2025.doc\" rel=\"nofollow noopener\" target=\"_blank\">Obrazac 1<\/a><\/li>\n\n\n\n<li><a href=\"https:\/\/www.unios.hr\/wp-content\/uploads\/2025\/06\/OBRAZAC_2_SASTAVNICA-2025.doc\" rel=\"nofollow noopener\" target=\"_blank\">Obrazac 2<\/a><\/li>\n<\/ul>\n\n\n\n<p><a href=\"https:\/\/www.unios.hr\/wp-content\/uploads\/2025\/06\/efos-biraci-2025.pdf\" rel=\"nofollow noopener\" target=\"_blank\">Popis bira\u010da - Ekonomski fakultet u Osijeku<\/a><\/p>\n\n\n\n<p><span style=\"text-decoration: underline;\">Navedeni podaci mogu se koristiti isklju\u010divo u svrhu popisa bira\u010da i u druge svrhe ne mogu se koristiti, prema Pravilniku za provedbu studentskih izbora za studentski zbor Sveu\u010dili\u0161ta Josipa Jurja Strossmayera u Osijeku i studentski zbor znanstveno-nastavnih\/umjetni\u010dko-nastavnih sastavnica,pro\u010di\u0161\u0107eni tekst.<\/span><\/p>\n\n\n\n<h3 class=\"wp-block-heading\"><strong>DOPUNA 13.06.2025.<\/strong><\/h3>\n\n\n\n<p><a href=\"https:\/\/www.efos.unios.hr\/wp-content\/uploads\/2025\/05\/Odluka-o-imenovanju-Birackog-odbora.pdf\">Odluka o imenovanju bira\u010dkog odbora za provedbu studentskih izbora za Studentski zbor Sveu\u010dili\u0161ta Josipa Jurja Strossmayera u Osijeku i Studentski zbor Ekonomskog fakulteta u Osijeku<\/a><\/p>\n\n\n\n<h3 class=\"wp-block-heading\"><strong>DOPUNA 16.06.2025<\/strong><\/h3>\n\n\n\n<p><a href=\"https:\/\/www.efos.unios.hr\/wp-content\/uploads\/2025\/05\/Kandidacijska-lista-za-izbor-studentskih-predstavnika-u-Studentski-zbor-Ekonomskog-fakulteta-u-Osijeku-za-studentske-izbore-2025.pdf\">Kandidacijska lista za izbor studentskih predstavnika u Studentski zbor Ekonomskog fakulteta u Osijeku za studentske izbore koji \u0107e se odr\u017eati 23. lipnja 2025. godine<\/a><\/p>\n\n\n\n<p><\/p>","protected":false},"excerpt":{"rendered":"<p>Odluka o raspisivanju izbora za Studentski zbor Sveu\u010dili\u0161ta Josipa Jurja Strossmayera u Osijeku i studentske zborove sastavnica <\/p>","protected":false},"author":6,"featured_media":3360,"comment_status":"open","ping_status":"open","sticky":false,"template":"","format":"standard","meta":{"_acf_changed":false,"footnotes":""},"categories":[7],"tags":[],"class_list":["post-5827","post","type-post","status-publish","format-standard","has-post-thumbnail","hentry","category-vijesti"],"acf":[],"_links":{"self":[{"href":"https:\/\/www.efos.unios.hr\/en\/wp-json\/wp\/v2\/posts\/5827","targetHints":{"allow":["GET"]}}],"collection":[{"href":"https:\/\/www.efos.unios.hr\/en\/wp-json\/wp\/v2\/posts"}],"about":[{"href":"https:\/\/www.efos.unios.hr\/en\/wp-json\/wp\/v2\/types\/post"}],"author":[{"embeddable":true,"href":"https:\/\/www.efos.unios.hr\/en\/wp-json\/wp\/v2\/users\/6"}],"replies":[{"embeddable":true,"href":"https:\/\/www.efos.unios.hr\/en\/wp-json\/wp\/v2\/comments?post=5827"}],"version-history":[{"count":5,"href":"https:\/\/www.efos.unios.hr\/en\/wp-json\/wp\/v2\/posts\/5827\/revisions"}],"predecessor-version":[{"id":6124,"href":"https:\/\/www.efos.unios.hr\/en\/wp-json\/wp\/v2\/posts\/5827\/revisions\/6124"}],"wp:featuredmedia":[{"embeddable":true,"href":"https:\/\/www.efos.unios.hr\/en\/wp-json\/wp\/v2\/media\/3360"}],"wp:attachment":[{"href":"https:\/\/www.efos.unios.hr\/en\/wp-json\/wp\/v2\/media?parent=5827"}],"wp:term":[{"taxonomy":"category","embeddable":true,"href":"https:\/\/www.efos.unios.hr\/en\/wp-json\/wp\/v2\/categories?post=5827"},{"taxonomy":"post_tag","embeddable":true,"href":"https:\/\/www.efos.unios.hr\/en\/wp-json\/wp\/v2\/tags?post=5827"}],"curies":[{"name":"wp","href":"https:\/\/api.w.org\/{rel}","templated":true}]}}